{"id":3907,"date":"2026-04-09T09:50:11","date_gmt":"2026-04-09T07:50:11","guid":{"rendered":"https:\/\/sfs-net.de\/sin-categorizar\/invitacion-a-la-interpack\/"},"modified":"2026-04-28T12:34:38","modified_gmt":"2026-04-28T10:34:38","slug":"invitacion-a-la-interpack","status":"publish","type":"post","link":"https:\/\/sfs-net.de\/es\/noticias\/invitacion-a-la-interpack\/","title":{"rendered":"Invitaci\u00f3n a la Interpack"},"content":{"rendered":"\t\t<div data-elementor-type=\"wp-post\" data-elementor-id=\"3907\" class=\"elementor elementor-3907 elementor-2558\" data-elementor-post-type=\"post\">\n\t\t\t\t<div class=\"elementor-element elementor-element-32693983 e-flex e-con-boxed e-con e-parent\" data-id=\"32693983\" data-element_type=\"container\" data-e-type=\"container\">\n\t\t\t\t\t<div class=\"e-con-inner\">\n\t\t\t\t<div class=\"elementor-element elementor-element-6f457c3e elementor-widget elementor-widget-text-editor\" data-id=\"6f457c3e\" data-element_type=\"widget\" data-e-type=\"widget\" data-widget_type=\"text-editor.default\">\n\t\t\t\t\t\t\t\t\t<p>Estimados se\u00f1ores y se\u00f1oras:<\/p><p>Del <strong>07-13.05.2026<\/strong>, la <strong>Interpack<\/strong> 2026 en <strong>D\u00fcsseldorf<\/strong>, la feria l\u00edder de la industria del embalaje, volver\u00e1 a ser el punto de encuentro y el im\u00e1n para un p\u00fablico internacional del sector.<\/p><p><strong>Participe cuando la innovaci\u00f3n se encuentre con la eficiencia.<\/strong><\/p><p>Descubra las soluciones de embalaje m\u00e1s modernas, experimente tecnolog\u00edas pioneras en vivo y obtenga impulsos valiosos para su empresa a trav\u00e9s del intercambio directo con expertos del sector. D\u00e9jese inspirar por la cartera de productos y los nuevos desarrollos de Sch\u00e4fer &amp; Flottmann.<\/p>\t\t\t\t\t\t\t\t<\/div>\n\t\t\t\t<div class=\"elementor-element elementor-element-79daef4 elementor-widget elementor-widget-button\" data-id=\"79daef4\" data-element_type=\"widget\" data-e-type=\"widget\" data-widget_type=\"button.default\">\n\t\t\t\t\t\t\t\t\t\t<a class=\"elementor-button elementor-button-link elementor-size-sm\" href=\"\/wp-content\/uploads\/Einladung_Interpack.pdf\" target=\"_blank\">\n\t\t\t\t\t\t<span class=\"elementor-button-content-wrapper\">\n\t\t\t\t\t\t<span class=\"elementor-button-icon\">\n\t\t\t\t<i aria-hidden=\"true\" class=\"jki jki-plus-solid\"><\/i>\t\t\t<\/span>\n\t\t\t\t\t\t\t\t\t<span class=\"elementor-button-text\">Ver invitaci\u00f3n<\/span>\n\t\t\t\t\t<\/span>\n\t\t\t\t\t<\/a>\n\t\t\t\t\t\t\t\t<\/div>\n\t\t\t\t\t<\/div>\n\t\t\t\t<\/div>\n\t\t\t\t<\/div>\n\t\t","protected":false},"excerpt":{"rendered":"<p>Estimados se\u00f1ores y se\u00f1oras: Del 07-13.05.2026, la Interpack 2026 en D\u00fcsseldorf, la feria l\u00edder de la industria del embalaje, volver\u00e1 a ser el punto de encuentro y el im\u00e1n para un p\u00fablico internacional del sector. Participe cuando la innovaci\u00f3n se encuentre con la eficiencia. Descubra las soluciones de embalaje m\u00e1s modernas, experimente tecnolog\u00edas pioneras en [&hellip;]<\/p>\n","protected":false},"author":1,"featured_media":3908,"comment_status":"closed","ping_status":"open","sticky":false,"template":"","format":"standard","meta":{"footnotes":""},"categories":[76],"tags":[],"class_list":["post-3907","post","type-post","status-publish","format-standard","has-post-thumbnail","hentry","category-noticias"],"_links":{"self":[{"href":"https:\/\/sfs-net.de\/es\/wp-json\/wp\/v2\/posts\/3907","targetHints":{"allow":["GET"]}}],"collection":[{"href":"https:\/\/sfs-net.de\/es\/wp-json\/wp\/v2\/posts"}],"about":[{"href":"https:\/\/sfs-net.de\/es\/wp-json\/wp\/v2\/types\/post"}],"author":[{"embeddable":true,"href":"https:\/\/sfs-net.de\/es\/wp-json\/wp\/v2\/users\/1"}],"replies":[{"embeddable":true,"href":"https:\/\/sfs-net.de\/es\/wp-json\/wp\/v2\/comments?post=3907"}],"version-history":[{"count":1,"href":"https:\/\/sfs-net.de\/es\/wp-json\/wp\/v2\/posts\/3907\/revisions"}],"predecessor-version":[{"id":3909,"href":"https:\/\/sfs-net.de\/es\/wp-json\/wp\/v2\/posts\/3907\/revisions\/3909"}],"wp:featuredmedia":[{"embeddable":true,"href":"https:\/\/sfs-net.de\/es\/wp-json\/wp\/v2\/media\/3908"}],"wp:attachment":[{"href":"https:\/\/sfs-net.de\/es\/wp-json\/wp\/v2\/media?parent=3907"}],"wp:term":[{"taxonomy":"category","embeddable":true,"href":"https:\/\/sfs-net.de\/es\/wp-json\/wp\/v2\/categories?post=3907"},{"taxonomy":"post_tag","embeddable":true,"href":"https:\/\/sfs-net.de\/es\/wp-json\/wp\/v2\/tags?post=3907"}],"curies":[{"name":"wp","href":"https:\/\/api.w.org\/{rel}","templated":true}]}}